{"id":68916,"date":"2024-04-09T16:57:43","date_gmt":"2024-04-09T14:57:43","guid":{"rendered":"https:\/\/cegat.com\/?p=68916"},"modified":"2024-04-09T16:57:43","modified_gmt":"2024-04-09T14:57:43","slug":"cegat-feiert-mehrere-meilensteine","status":"publish","type":"post","link":"https:\/\/cegat.com\/de\/cegat-feiert-mehrere-meilensteine\/","title":{"rendered":"CeGaT feiert mehrere Meilensteine"},"content":{"rendered":"<div class=\"fusion-fullwidth fullwidth-box fusion-builder-row-1 fusion-flex-container has-pattern-background has-mask-background nonhundred-percent-fullwidth non-hundred-percent-height-scrolling\" style=\"--awb-border-radius-top-left:0px;--awb-border-radius-top-right:0px;--awb-border-radius-bottom-right:0px;--awb-border-radius-bottom-left:0px;--awb-flex-wrap:wrap;\" ><div class=\"fusion-builder-row fusion-row fusion-flex-align-items-flex-start fusion-flex-content-wrap\" style=\"max-width:1248px;margin-left: calc(-4% \/ 2 );margin-right: calc(-4% \/ 2 );\"><div class=\"fusion-layout-column fusion_builder_column fusion-builder-column-0 fusion_builder_column_1_1 1_1 fusion-flex-column\" style=\"--awb-bg-size:cover;--awb-width-large:100%;--awb-margin-top-large:0px;--awb-spacing-right-large:1.92%;--awb-margin-bottom-large:20px;--awb-spacing-left-large:1.92%;--awb-width-medium:100%;--awb-order-medium:0;--awb-spacing-right-medium:1.92%;--awb-spacing-left-medium:1.92%;--awb-width-small:100%;--awb-order-small:0;--awb-spacing-right-small:1.92%;--awb-spacing-left-small:1.92%;\"><div class=\"fusion-column-wrapper fusion-column-has-shadow fusion-flex-justify-content-flex-start fusion-content-layout-column\"><div class=\"fusion-text fusion-text-1\" style=\"--awb-content-alignment:justify;\"><p><strong>Am 9. April feierte CeGaT mehrere Ereignisse: CeGaT wurde 15 Jahre alt. Mit der Einweihung des Erweiterungsbaus verdreifacht sich die Fl\u00e4che des CeGaT-Geb\u00e4udes. Und zudem befindet sich das familiengef\u00fchrte Unternehmen seit dem 1. April 2024 wieder vollst\u00e4ndig im Eigentum der Gr\u00fcnder.<\/strong><\/p>\n<p><strong>Seit der Gr\u00fcndung im Jahr 2009 hat CeGaT eine beeindruckende Entwicklung vollzogen und verf\u00fcgt heute \u00fcber die gr\u00f6\u00dfte Sequenzierkapazit\u00e4t privat gef\u00fchrter Labore in der Welt. <\/strong><\/p>\n<p>Zur Jubil\u00e4ums- und Einweihungsfeier waren alle Mitarbeitenden, Freunde und Familie sowie Ehreng\u00e4ste aus Politik, Wirtschaft und Wissenschaft zu einem festlichen Event eingeladen. Highlight der Veranstaltung waren die Ansprachen von Peter Gabriel, T\u00fcbingens Baub\u00fcrgermeister Cord Soehlke, den beteiligten Architekten Dannien und Roller und einem Patienten, gefolgt von einer exklusiven F\u00fchrung durch den Neubau mit Ziel auf der Dachterrasse. Die Gesch\u00e4ftsf\u00fchrung w\u00fcrdigte die Leistung des gesamten Teams, mit dem CeGaT auch f\u00fcr zuk\u00fcnftige Herausforderungen im Markt sehr gut aufgestellt ist.<\/p>\n<\/div><div class=\"fusion-text fusion-text-2\" style=\"--awb-content-alignment:justify;\"><p><strong>Eine 15-j\u00e4hrige Erfolgsgeschichte<\/strong><\/p>\n<p>Gegr\u00fcndet von Dr. Dr. Saskia Biskup und Dr. Dirk Biskup revolutionierte CeGaT die genetische Diagnostik durch die erstmalige Kombination von Next-Generation Sequencing mit humangenetischen Fragestellungen. Dieser innovative Ansatz wurde 2011 mit dem Deutschen Gr\u00fcnderpreis und 2014 mit einem EU-Innovationspreis gew\u00fcrdigt. Seither verfolgt CeGaT das Ziel, Diagnostik und Hochdurchsatzsequenzierung auf h\u00f6chstem Niveau f\u00fcr jeden verf\u00fcgbar und finanzierbar zu machen. Das gilt f\u00fcr Pr\u00e4ventionsdiagnostik genauso wie f\u00fcr die Diagnostik von Betroffenen oder die Untersuchung von bestimmten Proben f\u00fcr Forschende. Neben der genetischen Diagnostik arbeitet CeGaT f\u00fcr Forschende, Biotech-Unternehmen und \u201eBig Pharma\u201c, indem das Unternehmen hochwertige Sequenzierungen zusammen mit einem Rundum-Service anbietet. Mit einer fortlaufenden Erweiterung des Dienstleistungsangebots und der Investition in immer neuere und moderne Technologien positioniert sich CeGaT als langfristiger Partner an der Spitze der biomedizinischen Diagnostik und Forschung.<\/p>\n<\/div><div class=\"fusion-image-carousel fusion-image-carousel-fixed fusion-image-carousel-1 fusion-no-small-visibility fusion-no-medium-visibility lightbox-enabled fusion-carousel-border\"><div class=\"awb-carousel awb-swiper awb-swiper-carousel awb-carousel--carousel awb-swiper-dots-position-bottom\" data-layout=\"carousel\" data-autoplay=\"yes\" data-autoplayspeed=\"2500\" data-autoplaypause=\"no\" data-loop=\"yes\" data-columns=\"4\" data-columnsmedium=\"1\" data-columnssmall=\"1\" data-itemmargin=\"13\" data-itemwidth=\"180\" data-touchscroll=\"no\" data-freemode=\"no\" data-imagesize=\"fixed\" data-scrollitems=\"0\" data-centeredslides=\"no\" data-rotationangle=\"50\" data-depth=\"100\" data-speed=\"500\" data-shadow=\"no\" data-pagination=\"bullets\" style=\"--awb-columns:4;--awb-border-width:1px;--awb-border-color:#e9eaee;\"><div class=\"swiper-wrapper awb-image-carousel-wrapper fusion-flex-align-items-center\"><div class=\"swiper-slide\"><div class=\"fusion-carousel-item-wrapper\"><div class=\"fusion-image-wrapper hover-type-liftup\"><a data-rel=\"iLightbox[image_carousel_1]\" data-title=\"DB_SB\" aria-label=\"DB_SB\" href=\"https:\/\/cegat.com\/wp-content\/uploads\/2024\/04\/DB_SB.jpg\" target=\"_self\"><img decoding=\"async\" width=\"320\" height=\"202\" src=\"data:image\/svg+xml,%3Csvg%20xmlns%3D%27http%3A%2F%2Fwww.w3.org%2F2000%2Fsvg%27%20width%3D%27600%27%20height%3D%27400%27%20viewBox%3D%270%200%20600%20400%27%3E%3Crect%20width%3D%27600%27%20height%3D%27400%27%20fill-opacity%3D%220%22%2F%3E%3C%2Fsvg%3E\" class=\"attachment-blog-medium size-blog-medium lazyload\" alt=\"Founder of CeGaT Dr. Dr. Saskia Biskup and Dr. Dirk Biskup\" data-orig-src=\"https:\/\/cegat.com\/wp-content\/uploads\/2024\/04\/DB_SB-320x202.jpg\" \/><\/a><\/div><\/div><\/div><div class=\"swiper-slide\"><div class=\"fusion-carousel-item-wrapper\"><div class=\"fusion-image-wrapper hover-type-liftup\"><a data-rel=\"iLightbox[image_carousel_1]\" data-title=\"CeGaT_Teambild_2014\" aria-label=\"CeGaT_Teambild_2014\" href=\"https:\/\/cegat.com\/wp-content\/uploads\/2024\/04\/CeGaT_Teambild_2014.jpg\" target=\"_self\"><img decoding=\"async\" width=\"320\" height=\"202\" src=\"data:image\/svg+xml,%3Csvg%20xmlns%3D%27http%3A%2F%2Fwww.w3.org%2F2000%2Fsvg%27%20width%3D%27600%27%20height%3D%27400%27%20viewBox%3D%270%200%20600%20400%27%3E%3Crect%20width%3D%27600%27%20height%3D%27400%27%20fill-opacity%3D%220%22%2F%3E%3C%2Fsvg%3E\" class=\"attachment-blog-medium size-blog-medium lazyload\" alt=\"CeGaT Teambild 2014\" data-orig-src=\"https:\/\/cegat.com\/wp-content\/uploads\/2024\/04\/CeGaT_Teambild_2014-320x202.jpg\" \/><\/a><\/div><\/div><\/div><div class=\"swiper-slide\"><div class=\"fusion-carousel-item-wrapper\"><div class=\"fusion-image-wrapper hover-type-liftup\"><a data-rel=\"iLightbox[image_carousel_1]\" data-title=\"CeGaT_Richtfest_Geb\u00e4ude_2013\" aria-label=\"CeGaT_Richtfest_Geb\u00e4ude_2013\" href=\"https:\/\/cegat.com\/wp-content\/uploads\/2023\/03\/CeGaT_Richtfest_Gebaeude_2013-e1679490746507.jpg\" target=\"_self\"><img decoding=\"async\" width=\"320\" height=\"202\" src=\"data:image\/svg+xml,%3Csvg%20xmlns%3D%27http%3A%2F%2Fwww.w3.org%2F2000%2Fsvg%27%20width%3D%27600%27%20height%3D%27300%27%20viewBox%3D%270%200%20600%20300%27%3E%3Crect%20width%3D%27600%27%20height%3D%27300%27%20fill-opacity%3D%220%22%2F%3E%3C%2Fsvg%3E\" class=\"attachment-blog-medium size-blog-medium lazyload\" alt=\"Gruppenbild vor dem neuen Gesch\u00e4ftsgeb\u00e4ude. Zu sehen sind Boris Palmer, Saskia Biskup und Dirk Biskup\" data-orig-src=\"https:\/\/cegat.com\/wp-content\/uploads\/2023\/03\/CeGaT_Richtfest_Gebaeude_2013-e1679490746507-320x202.jpg\" \/><\/a><\/div><\/div><\/div><div class=\"swiper-slide\"><div class=\"fusion-carousel-item-wrapper\"><div class=\"fusion-image-wrapper hover-type-liftup\"><a data-rel=\"iLightbox[image_carousel_1]\" data-caption=\"\" href=\"https:\/\/cegat.com\/wp-content\/uploads\/2023\/04\/Diag_Gebaeude.jpg\" target=\"_self\"><\/a><\/div><\/div><\/div><div class=\"swiper-slide\"><div class=\"fusion-carousel-item-wrapper\"><div class=\"fusion-image-wrapper hover-type-liftup\"><a data-rel=\"iLightbox[image_carousel_1]\" data-title=\"CeGaT_Spatenstich\" aria-label=\"CeGaT_Spatenstich\" href=\"https:\/\/cegat.com\/wp-content\/uploads\/2023\/03\/CeGaT_Spatenstich-e1680179574986-800x426.jpg\" target=\"_self\"><img decoding=\"async\" width=\"320\" height=\"202\" src=\"data:image\/svg+xml,%3Csvg%20xmlns%3D%27http%3A%2F%2Fwww.w3.org%2F2000%2Fsvg%27%20width%3D%271500%27%20height%3D%27798%27%20viewBox%3D%270%200%201500%20798%27%3E%3Crect%20width%3D%271500%27%20height%3D%27798%27%20fill-opacity%3D%220%22%2F%3E%3C%2Fsvg%3E\" class=\"attachment-blog-medium size-blog-medium lazyload\" alt=\"Keyvisual Pressemitteilung CeGaT setzt Spatenstich f\u00fcr modernen Erweiterungsbau im Technologiepark T\u00fcbingen\" data-orig-src=\"https:\/\/cegat.com\/wp-content\/uploads\/2023\/03\/CeGaT_Spatenstich-e1680179574986-320x202.jpg\" \/><\/a><\/div><\/div><\/div><div class=\"swiper-slide\"><div class=\"fusion-carousel-item-wrapper\"><div class=\"fusion-image-wrapper hover-type-liftup\"><a data-rel=\"iLightbox[image_carousel_1]\" data-title=\"CeGaT_KV_Karriere\" aria-label=\"CeGaT_KV_Karriere\" href=\"https:\/\/cegat.com\/wp-content\/uploads\/2022\/11\/CeGaT_KV_Karriere-800x427.jpg\" target=\"_self\"><img decoding=\"async\" width=\"320\" height=\"202\" src=\"data:image\/svg+xml,%3Csvg%20xmlns%3D%27http%3A%2F%2Fwww.w3.org%2F2000%2Fsvg%27%20width%3D%271500%27%20height%3D%27800%27%20viewBox%3D%270%200%201500%20800%27%3E%3Crect%20width%3D%271500%27%20height%3D%27800%27%20fill-opacity%3D%220%22%2F%3E%3C%2Fsvg%3E\" class=\"attachment-blog-medium size-blog-medium lazyload\" alt=\"CeGaT team image\" data-orig-src=\"https:\/\/cegat.com\/wp-content\/uploads\/2022\/11\/CeGaT_KV_Karriere-320x202.jpg\" \/><\/a><\/div><\/div><\/div><div class=\"swiper-slide\"><div class=\"fusion-carousel-item-wrapper\"><div class=\"fusion-image-wrapper hover-type-liftup\"><a data-rel=\"iLightbox[image_carousel_1]\" data-title=\"CeGaT Neubau\" aria-label=\"CeGaT Neubau\" href=\"https:\/\/cegat.com\/wp-content\/uploads\/2024\/04\/CeGaT_Neubau-600x400.jpg\" target=\"_self\"><img decoding=\"async\" width=\"320\" height=\"202\" src=\"data:image\/svg+xml,%3Csvg%20xmlns%3D%27http%3A%2F%2Fwww.w3.org%2F2000%2Fsvg%27%20width%3D%271024%27%20height%3D%27683%27%20viewBox%3D%270%200%201024%20683%27%3E%3Crect%20width%3D%271024%27%20height%3D%27683%27%20fill-opacity%3D%220%22%2F%3E%3C%2Fsvg%3E\" class=\"attachment-blog-medium size-blog-medium lazyload\" alt=\"Foto des fertiggestellten Geb\u00e4udes\" data-orig-src=\"https:\/\/cegat.com\/wp-content\/uploads\/2024\/04\/CeGaT_Neubau-320x202.jpg\" \/><\/a><\/div><\/div><\/div><\/div><div class=\"awb-swiper-button awb-swiper-button-prev\"><i class=\"awb-icon-angle-left\" aria-hidden=\"true\"><\/i><\/div><div class=\"awb-swiper-button awb-swiper-button-next\"><i class=\"awb-icon-angle-right\" aria-hidden=\"true\"><\/i><\/div><\/div><\/div><div class=\"fusion-image-carousel fusion-image-carousel-fixed fusion-image-carousel-2 fusion-no-medium-visibility fusion-no-large-visibility lightbox-enabled fusion-carousel-border\"><div class=\"awb-carousel awb-swiper awb-swiper-carousel awb-carousel--carousel awb-swiper-dots-position-bottom\" data-layout=\"carousel\" data-autoplay=\"yes\" data-autoplayspeed=\"2500\" data-autoplaypause=\"no\" data-loop=\"yes\" data-columns=\"2\" data-columnsmedium=\"1\" data-columnssmall=\"1\" data-itemmargin=\"13\" data-itemwidth=\"180\" data-touchscroll=\"no\" data-freemode=\"no\" data-imagesize=\"fixed\" data-scrollitems=\"0\" data-centeredslides=\"no\" data-rotationangle=\"50\" data-depth=\"100\" data-speed=\"500\" data-shadow=\"no\" data-pagination=\"bullets\" style=\"--awb-columns:2;--awb-border-width:1px;--awb-border-color:#e9eaee;\"><div class=\"swiper-wrapper awb-image-carousel-wrapper fusion-flex-align-items-center\"><div class=\"swiper-slide\"><div class=\"fusion-carousel-item-wrapper\"><div class=\"fusion-image-wrapper hover-type-liftup\"><a data-rel=\"iLightbox[image_carousel_2]\" data-title=\"DB_SB\" aria-label=\"DB_SB\" href=\"https:\/\/cegat.com\/wp-content\/uploads\/2024\/04\/DB_SB.jpg\" target=\"_self\"><img decoding=\"async\" width=\"600\" height=\"400\" src=\"https:\/\/cegat.com\/wp-content\/uploads\/2024\/04\/DB_SB.jpg\" data-orig-src=\"https:\/\/cegat.com\/wp-content\/uploads\/2024\/04\/DB_SB.jpg\" class=\"lazyload attachment-portfolio-two size-portfolio-two\" alt=\"Founder of CeGaT Dr. Dr. Saskia Biskup and Dr. Dirk Biskup\" srcset=\"data:image\/svg+xml,%3Csvg%20xmlns%3D%27http%3A%2F%2Fwww.w3.org%2F2000%2Fsvg%27%20width%3D%27600%27%20height%3D%27400%27%20viewBox%3D%270%200%20600%20400%27%3E%3Crect%20width%3D%27600%27%20height%3D%27400%27%20fill-opacity%3D%220%22%2F%3E%3C%2Fsvg%3E\" data-srcset=\"https:\/\/cegat.com\/wp-content\/uploads\/2024\/04\/DB_SB-200x133.jpg 200w, https:\/\/cegat.com\/wp-content\/uploads\/2024\/04\/DB_SB-400x267.jpg 400w, https:\/\/cegat.com\/wp-content\/uploads\/2024\/04\/DB_SB.jpg 600w\" data-sizes=\"auto\" data-orig-sizes=\"(min-width: 2200px) 100vw, (min-width: 712px) 594px, (min-width: 640px) 712px, \" \/><\/a><\/div><\/div><\/div><div class=\"swiper-slide\"><div class=\"fusion-carousel-item-wrapper\"><div class=\"fusion-image-wrapper hover-type-liftup\"><a data-rel=\"iLightbox[image_carousel_2]\" data-title=\"CeGaT_Teambild_2014\" aria-label=\"CeGaT_Teambild_2014\" href=\"https:\/\/cegat.com\/wp-content\/uploads\/2024\/04\/CeGaT_Teambild_2014.jpg\" target=\"_self\"><img decoding=\"async\" width=\"600\" height=\"400\" src=\"https:\/\/cegat.com\/wp-content\/uploads\/2024\/04\/CeGaT_Teambild_2014.jpg\" data-orig-src=\"https:\/\/cegat.com\/wp-content\/uploads\/2024\/04\/CeGaT_Teambild_2014.jpg\" class=\"lazyload attachment-portfolio-two size-portfolio-two\" alt=\"CeGaT Teambild 2014\" srcset=\"data:image\/svg+xml,%3Csvg%20xmlns%3D%27http%3A%2F%2Fwww.w3.org%2F2000%2Fsvg%27%20width%3D%27600%27%20height%3D%27400%27%20viewBox%3D%270%200%20600%20400%27%3E%3Crect%20width%3D%27600%27%20height%3D%27400%27%20fill-opacity%3D%220%22%2F%3E%3C%2Fsvg%3E\" data-srcset=\"https:\/\/cegat.com\/wp-content\/uploads\/2024\/04\/CeGaT_Teambild_2014-200x133.jpg 200w, https:\/\/cegat.com\/wp-content\/uploads\/2024\/04\/CeGaT_Teambild_2014-400x267.jpg 400w, https:\/\/cegat.com\/wp-content\/uploads\/2024\/04\/CeGaT_Teambild_2014.jpg 600w\" data-sizes=\"auto\" data-orig-sizes=\"(min-width: 2200px) 100vw, (min-width: 712px) 594px, (min-width: 640px) 712px, \" \/><\/a><\/div><\/div><\/div><div class=\"swiper-slide\"><div class=\"fusion-carousel-item-wrapper\"><div class=\"fusion-image-wrapper hover-type-liftup\"><a data-rel=\"iLightbox[image_carousel_2]\" data-title=\"CeGaT_Richtfest_Geb\u00e4ude_2013\" aria-label=\"CeGaT_Richtfest_Geb\u00e4ude_2013\" href=\"https:\/\/cegat.com\/wp-content\/uploads\/2023\/03\/CeGaT_Richtfest_Gebaeude_2013-e1679490746507.jpg\" target=\"_self\"><img decoding=\"async\" width=\"600\" height=\"300\" src=\"https:\/\/cegat.com\/wp-content\/uploads\/2023\/03\/CeGaT_Richtfest_Gebaeude_2013-e1679490746507.jpg\" data-orig-src=\"https:\/\/cegat.com\/wp-content\/uploads\/2023\/03\/CeGaT_Richtfest_Gebaeude_2013-e1679490746507.jpg\" class=\"lazyload attachment-portfolio-two size-portfolio-two\" alt=\"Gruppenbild vor dem neuen Gesch\u00e4ftsgeb\u00e4ude. Zu sehen sind Boris Palmer, Saskia Biskup und Dirk Biskup\" srcset=\"data:image\/svg+xml,%3Csvg%20xmlns%3D%27http%3A%2F%2Fwww.w3.org%2F2000%2Fsvg%27%20width%3D%27600%27%20height%3D%27300%27%20viewBox%3D%270%200%20600%20300%27%3E%3Crect%20width%3D%27600%27%20height%3D%27300%27%20fill-opacity%3D%220%22%2F%3E%3C%2Fsvg%3E\" data-srcset=\"https:\/\/cegat.com\/wp-content\/uploads\/2023\/03\/CeGaT_Richtfest_Gebaeude_2013-e1679490746507-200x100.jpg 200w, https:\/\/cegat.com\/wp-content\/uploads\/2023\/03\/CeGaT_Richtfest_Gebaeude_2013-e1679490746507-400x200.jpg 400w, https:\/\/cegat.com\/wp-content\/uploads\/2023\/03\/CeGaT_Richtfest_Gebaeude_2013-e1679490746507.jpg 600w\" data-sizes=\"auto\" data-orig-sizes=\"(min-width: 2200px) 100vw, (min-width: 712px) 594px, (min-width: 640px) 712px, \" \/><\/a><\/div><\/div><\/div><div class=\"swiper-slide\"><div class=\"fusion-carousel-item-wrapper\"><div class=\"fusion-image-wrapper hover-type-liftup\"><a data-rel=\"iLightbox[image_carousel_2]\" data-caption=\"\" href=\"https:\/\/cegat.com\/wp-content\/uploads\/2023\/04\/Diag_Gebaeude.jpg\" target=\"_self\"><\/a><\/div><\/div><\/div><div class=\"swiper-slide\"><div class=\"fusion-carousel-item-wrapper\"><div class=\"fusion-image-wrapper hover-type-liftup\"><a data-rel=\"iLightbox[image_carousel_2]\" data-title=\"CeGaT_Spatenstich\" aria-label=\"CeGaT_Spatenstich\" href=\"https:\/\/cegat.com\/wp-content\/uploads\/2023\/03\/CeGaT_Spatenstich-e1680179574986-800x426.jpg\" target=\"_self\"><img decoding=\"async\" width=\"460\" height=\"295\" src=\"data:image\/svg+xml,%3Csvg%20xmlns%3D%27http%3A%2F%2Fwww.w3.org%2F2000%2Fsvg%27%20width%3D%271500%27%20height%3D%27798%27%20viewBox%3D%270%200%201500%20798%27%3E%3Crect%20width%3D%271500%27%20height%3D%27798%27%20fill-opacity%3D%220%22%2F%3E%3C%2Fsvg%3E\" data-orig-src=\"https:\/\/cegat.com\/wp-content\/uploads\/2023\/03\/CeGaT_Spatenstich-e1680179574986-460x295.jpg\" class=\"lazyload attachment-portfolio-two size-portfolio-two\" alt=\"Keyvisual Pressemitteilung CeGaT setzt Spatenstich f\u00fcr modernen Erweiterungsbau im Technologiepark T\u00fcbingen\" \/><\/a><\/div><\/div><\/div><div class=\"swiper-slide\"><div class=\"fusion-carousel-item-wrapper\"><div class=\"fusion-image-wrapper hover-type-liftup\"><a data-rel=\"iLightbox[image_carousel_2]\" data-title=\"CeGaT_KV_Karriere\" aria-label=\"CeGaT_KV_Karriere\" href=\"https:\/\/cegat.com\/wp-content\/uploads\/2022\/11\/CeGaT_KV_Karriere-800x427.jpg\" target=\"_self\"><img decoding=\"async\" width=\"1500\" height=\"800\" src=\"https:\/\/cegat.com\/wp-content\/uploads\/2022\/11\/CeGaT_KV_Karriere.jpg\" data-orig-src=\"https:\/\/cegat.com\/wp-content\/uploads\/2022\/11\/CeGaT_KV_Karriere.jpg\" class=\"lazyload attachment-portfolio-two size-portfolio-two\" alt=\"CeGaT team image\" srcset=\"data:image\/svg+xml,%3Csvg%20xmlns%3D%27http%3A%2F%2Fwww.w3.org%2F2000%2Fsvg%27%20width%3D%271500%27%20height%3D%27800%27%20viewBox%3D%270%200%201500%20800%27%3E%3Crect%20width%3D%271500%27%20height%3D%27800%27%20fill-opacity%3D%220%22%2F%3E%3C%2Fsvg%3E\" data-srcset=\"https:\/\/cegat.com\/wp-content\/uploads\/2022\/11\/CeGaT_KV_Karriere-200x107.jpg 200w, https:\/\/cegat.com\/wp-content\/uploads\/2022\/11\/CeGaT_KV_Karriere-400x213.jpg 400w, https:\/\/cegat.com\/wp-content\/uploads\/2022\/11\/CeGaT_KV_Karriere-600x320.jpg 600w, https:\/\/cegat.com\/wp-content\/uploads\/2022\/11\/CeGaT_KV_Karriere-800x427.jpg 800w, https:\/\/cegat.com\/wp-content\/uploads\/2022\/11\/CeGaT_KV_Karriere-1200x640.jpg 1200w, https:\/\/cegat.com\/wp-content\/uploads\/2022\/11\/CeGaT_KV_Karriere.jpg 1500w\" data-sizes=\"auto\" data-orig-sizes=\"(min-width: 2200px) 100vw, (min-width: 712px) 594px, (min-width: 640px) 712px, \" \/><\/a><\/div><\/div><\/div><div class=\"swiper-slide\"><div class=\"fusion-carousel-item-wrapper\"><div class=\"fusion-image-wrapper hover-type-liftup\"><a data-rel=\"iLightbox[image_carousel_2]\" data-title=\"CeGaT Neubau\" aria-label=\"CeGaT Neubau\" href=\"https:\/\/cegat.com\/wp-content\/uploads\/2024\/04\/CeGaT_Neubau-600x400.jpg\" target=\"_self\"><img decoding=\"async\" width=\"1024\" height=\"683\" src=\"https:\/\/cegat.com\/wp-content\/uploads\/2024\/04\/CeGaT_Neubau.jpg\" data-orig-src=\"https:\/\/cegat.com\/wp-content\/uploads\/2024\/04\/CeGaT_Neubau.jpg\" class=\"lazyload attachment-portfolio-two size-portfolio-two\" alt=\"Foto des fertiggestellten Geb\u00e4udes\" srcset=\"data:image\/svg+xml,%3Csvg%20xmlns%3D%27http%3A%2F%2Fwww.w3.org%2F2000%2Fsvg%27%20width%3D%271024%27%20height%3D%27683%27%20viewBox%3D%270%200%201024%20683%27%3E%3Crect%20width%3D%271024%27%20height%3D%27683%27%20fill-opacity%3D%220%22%2F%3E%3C%2Fsvg%3E\" data-srcset=\"https:\/\/cegat.com\/wp-content\/uploads\/2024\/04\/CeGaT_Neubau-200x133.jpg 200w, https:\/\/cegat.com\/wp-content\/uploads\/2024\/04\/CeGaT_Neubau-400x267.jpg 400w, https:\/\/cegat.com\/wp-content\/uploads\/2024\/04\/CeGaT_Neubau-600x400.jpg 600w, https:\/\/cegat.com\/wp-content\/uploads\/2024\/04\/CeGaT_Neubau-800x534.jpg 800w, https:\/\/cegat.com\/wp-content\/uploads\/2024\/04\/CeGaT_Neubau.jpg 1024w\" data-sizes=\"auto\" data-orig-sizes=\"(min-width: 2200px) 100vw, (min-width: 712px) 594px, (min-width: 640px) 712px, \" \/><\/a><\/div><\/div><\/div><\/div><div class=\"awb-swiper-button awb-swiper-button-prev\"><i class=\"awb-icon-angle-left\" aria-hidden=\"true\"><\/i><\/div><div class=\"awb-swiper-button awb-swiper-button-next\"><i class=\"awb-icon-angle-right\" aria-hidden=\"true\"><\/i><\/div><\/div><\/div><div class=\"fusion-text fusion-text-3\" style=\"--awb-content-alignment:center;--awb-font-size:14px;--awb-margin-top:-40px;\"><p>15-j\u00e4hrige Erfolgsgeschichte in Bildern<\/p>\n<\/div><div class=\"fusion-text fusion-text-4\" style=\"--awb-content-alignment:justify;\"><p><strong>Neubau: Fokus aufs (Wohlf\u00fchl-)Klima<\/strong><\/p>\n<p>Um dem Wachstum des Unternehmens gerecht zu werden, hat CeGaT seinen Standort durch einen nachhaltig konzipierten Neubau erweitert. Der L-f\u00f6rmige Anbau bietet auf drei Etagen modern gestaltete B\u00fcro- und Laborr\u00e4ume und erf\u00fcllt mit der Verwendung von Recyclingbeton, nachwachsenden Rohstoffen sowie Geothermie- und Photovoltaikanlagen wesentliche Aspekte in Sachen Nachhaltigkeit. Die Umsetzung dieser Ma\u00dfnahmen \u00fcbertrifft die Standards der Umweltnorm KFW 40 und tr\u00e4gt so zu einer erheblichen Reduzierung des CO2-Aussto\u00dfes bei.<\/p>\n<p>Der Neubau schlie\u00dft an das Bestandsgeb\u00e4ude an, dessen Bau vor fast genau 11 Jahren mit dem offiziellen Spatenstich am 16. April 2013 eingel\u00e4utet wurde. Dass die B\u00fcro- und Laborfl\u00e4chen innerhalb von nur sieben Jahren verdreifacht werden mussten, \u00fcbertrifft alle Erwartungen und zeugt vom Engagement und Leistung des einzigartigen Teams. Nach Fertigstellung des Neubaus sind jetzt alle Mitarbeiterinnen und Mitarbeiter wieder an einem Standort vereint.<\/p>\n<\/div><div class=\"fusion-image-before-after-wrapper fusion-image-before-after-horizontal type-before-after hover-type-together fusion-image-before-after-wrapper-1\" style=\"--awb-handle-color:var(--awb-custom_color_1);--awb-font-size:14px;--awb-bordersize:0px;--awb-borderradius:3px;--awb-accent-color-bg:hsla(var(--awb-color1-h),var(--awb-color1-s),var(--awb-color1-l),calc(var(--awb-color1-a) - 85%));--awb-transition-time:0.5s;\"><div class=\"fusion-image-before-after-element fusion-image-before-after fusion-image-before-after-container fusion-image-before-after-1\" data-offset=\"0.5\" data-orientation=\"horizontal\" data-move-with-handle-only=\"true\" data-click-to-move=\"true\"><img decoding=\"async\" alt=\"Geb\u00e4ude CeGaT\" class=\"fusion-image-before-after-before lazyload\" src=\"data:image\/svg+xml,%3Csvg%20xmlns%3D%27http%3A%2F%2Fwww.w3.org%2F2000%2Fsvg%27%20width%3D%271500%27%20height%3D%27800%27%20viewBox%3D%270%200%201500%20800%27%3E%3Crect%20width%3D%271500%27%20height%3D%27800%27%20fill-opacity%3D%220%22%2F%3E%3C%2Fsvg%3E\" width=\"1024\" height=\"543\" data-orig-src=\"https:\/\/cegat.com\/wp-content\/uploads\/2023\/04\/CeGaT_KV_Gebaeude-1-1024x543.jpg\"><img decoding=\"async\" alt=\"Foto des fertiggestellten Geb\u00e4udes\" class=\"fusion-image-before-after-after lazyload\" src=\"data:image\/svg+xml,%3Csvg%20xmlns%3D%27http%3A%2F%2Fwww.w3.org%2F2000%2Fsvg%27%20width%3D%271024%27%20height%3D%27683%27%20viewBox%3D%270%200%201024%20683%27%3E%3Crect%20width%3D%271024%27%20height%3D%27683%27%20fill-opacity%3D%220%22%2F%3E%3C%2Fsvg%3E\" width=\"1024\" height=\"683\" data-orig-src=\"https:\/\/cegat.com\/wp-content\/uploads\/2024\/04\/CeGaT_Neubau.jpg\"><div class=\"fusion-image-before-after-handle fusion-image-before-after-handle-rectangle\"><span class=\"fusion-image-before-after-left-arrow\"><\/span><span class=\"fusion-image-before-after-right-arrow\"><\/span><\/div><\/div><\/div><div class=\"fusion-text fusion-text-5\" style=\"--awb-content-alignment:center;--awb-font-size:14px;\"><p>CeGaT&#8217;s Geb\u00e4ude 2014 (links) und heute das Geb\u00e4ude mit dem Erweiterungsbau 2024 (rechts)<\/p>\n<\/div><div class=\"fusion-text fusion-text-6\" style=\"--awb-content-alignment:justify;\"><p><strong>CeGaT seit 1. April 2024 vollst\u00e4ndig in Familienbesitz<\/strong><\/p>\n<p>Das internationale Medizintechnologieunternehmen B. Braun und CeGaT haben ihre Zusammenarbeit beendet. Hintergrund ist, dass beide Partner trotz einer langj\u00e4hrigen und vertrauensvollen Zusammenarbeit k\u00fcnftig unterschiedliche strategische Ausrichtungen verfolgen. In der Folge hat B. Braun zum 1. April 2024 seine Firmenanteile an der CeGaT GmbH an Saskia und Dirk Biskup ver\u00e4u\u00dfert. Damit ist das T\u00fcbinger Biotechnologieunternehmen nun wieder vollst\u00e4ndig im Eigentum der beiden Gr\u00fcnder.<\/p>\n<\/div><\/div><\/div><\/div><\/div>\n","protected":false},"excerpt":{"rendered":"","protected":false},"author":25,"featured_media":70017,"comment_status":"closed","ping_status":"closed","sticky":false,"template":"","format":"standard","meta":{"footnotes":""},"categories":[112],"tags":[],"class_list":["post-68916","post","type-post","status-publish","format-standard","has-post-thumbnail","hentry","category-news"],"yoast_head":"<!-- This site is optimized with the Yoast SEO plugin v27.4 - https:\/\/yoast.com\/product\/yoast-seo-wordpress\/ -->\n<title>CeGaT feiert mehrere Meilensteine<\/title>\n<meta name=\"description\" content=\"CeGaT feiert gleich zwei besondere Ereignisse: das 15-j\u00e4hrige Bestehen des Unternehmens und den Bezug seines neuen Erweiterungsbaus.\" \/>\n<meta name=\"robots\" content=\"index, follow, max-snippet:-1, max-image-preview:large, max-video-preview:-1\" \/>\n<link rel=\"canonical\" href=\"https:\/\/cegat.com\/de\/cegat-feiert-mehrere-meilensteine\/\" \/>\n<meta property=\"og:locale\" content=\"de_DE\" \/>\n<meta property=\"og:type\" content=\"article\" \/>\n<meta property=\"og:title\" content=\"CeGaT feiert mehrere Meilensteine\" \/>\n<meta property=\"og:description\" content=\"CeGaT feiert gleich zwei besondere Ereignisse: das 15-j\u00e4hrige Bestehen des Unternehmens und den Bezug seines neuen Erweiterungsbaus.\" \/>\n<meta property=\"og:url\" content=\"https:\/\/cegat.com\/de\/cegat-feiert-mehrere-meilensteine\/\" \/>\n<meta property=\"og:site_name\" content=\"CeGaT GmbH\" \/>\n<meta property=\"article:publisher\" content=\"https:\/\/www.facebook.com\/CeGaT.GmbH\/?locale=de_DE\" \/>\n<meta property=\"article:published_time\" content=\"2024-04-09T14:57:43+00:00\" \/>\n<meta property=\"og:image\" content=\"https:\/\/cegat.com\/wp-content\/uploads\/2024\/04\/CeGaT_KV_Presse.jpg\" \/>\n\t<meta property=\"og:image:width\" content=\"1500\" \/>\n\t<meta property=\"og:image:height\" content=\"800\" \/>\n\t<meta property=\"og:image:type\" content=\"image\/jpeg\" \/>\n<meta name=\"author\" content=\"lschmidlin\" \/>\n<meta name=\"twitter:card\" content=\"summary_large_image\" \/>\n<script type=\"application\/ld+json\" class=\"yoast-schema-graph\">{\"@context\":\"https:\\\/\\\/schema.org\",\"@graph\":[{\"@type\":\"Article\",\"@id\":\"https:\\\/\\\/cegat.com\\\/de\\\/cegat-feiert-mehrere-meilensteine\\\/#article\",\"isPartOf\":{\"@id\":\"https:\\\/\\\/cegat.com\\\/de\\\/cegat-feiert-mehrere-meilensteine\\\/\"},\"author\":{\"name\":\"lschmidlin\",\"@id\":\"https:\\\/\\\/cegat.com\\\/de\\\/#\\\/schema\\\/person\\\/fdd58c0913e0b6435e09cffa59a6504a\"},\"headline\":\"CeGaT feiert mehrere Meilensteine\",\"datePublished\":\"2024-04-09T14:57:43+00:00\",\"mainEntityOfPage\":{\"@id\":\"https:\\\/\\\/cegat.com\\\/de\\\/cegat-feiert-mehrere-meilensteine\\\/\"},\"wordCount\":1558,\"image\":{\"@id\":\"https:\\\/\\\/cegat.com\\\/de\\\/cegat-feiert-mehrere-meilensteine\\\/#primaryimage\"},\"thumbnailUrl\":\"https:\\\/\\\/cegat.com\\\/wp-content\\\/uploads\\\/2024\\\/04\\\/CeGaT_KV_Presse.jpg\",\"articleSection\":[\"News\"],\"inLanguage\":\"de\"},{\"@type\":\"WebPage\",\"@id\":\"https:\\\/\\\/cegat.com\\\/de\\\/cegat-feiert-mehrere-meilensteine\\\/\",\"url\":\"https:\\\/\\\/cegat.com\\\/de\\\/cegat-feiert-mehrere-meilensteine\\\/\",\"name\":\"CeGaT feiert mehrere Meilensteine\",\"isPartOf\":{\"@id\":\"https:\\\/\\\/cegat.com\\\/de\\\/#website\"},\"primaryImageOfPage\":{\"@id\":\"https:\\\/\\\/cegat.com\\\/de\\\/cegat-feiert-mehrere-meilensteine\\\/#primaryimage\"},\"image\":{\"@id\":\"https:\\\/\\\/cegat.com\\\/de\\\/cegat-feiert-mehrere-meilensteine\\\/#primaryimage\"},\"thumbnailUrl\":\"https:\\\/\\\/cegat.com\\\/wp-content\\\/uploads\\\/2024\\\/04\\\/CeGaT_KV_Presse.jpg\",\"datePublished\":\"2024-04-09T14:57:43+00:00\",\"author\":{\"@id\":\"https:\\\/\\\/cegat.com\\\/de\\\/#\\\/schema\\\/person\\\/fdd58c0913e0b6435e09cffa59a6504a\"},\"description\":\"CeGaT feiert gleich zwei besondere Ereignisse: das 15-j\u00e4hrige Bestehen des Unternehmens und den Bezug seines neuen Erweiterungsbaus.\",\"inLanguage\":\"de\",\"potentialAction\":[{\"@type\":\"ReadAction\",\"target\":[\"https:\\\/\\\/cegat.com\\\/de\\\/cegat-feiert-mehrere-meilensteine\\\/\"]}]},{\"@type\":\"ImageObject\",\"inLanguage\":\"de\",\"@id\":\"https:\\\/\\\/cegat.com\\\/de\\\/cegat-feiert-mehrere-meilensteine\\\/#primaryimage\",\"url\":\"https:\\\/\\\/cegat.com\\\/wp-content\\\/uploads\\\/2024\\\/04\\\/CeGaT_KV_Presse.jpg\",\"contentUrl\":\"https:\\\/\\\/cegat.com\\\/wp-content\\\/uploads\\\/2024\\\/04\\\/CeGaT_KV_Presse.jpg\",\"width\":1500,\"height\":800,\"caption\":\"Keyvisual Presse\"},{\"@type\":\"WebSite\",\"@id\":\"https:\\\/\\\/cegat.com\\\/de\\\/#website\",\"url\":\"https:\\\/\\\/cegat.com\\\/de\\\/\",\"name\":\"CeGaT GmbH\",\"description\":\"Genetic Insights You Can Trust\",\"potentialAction\":[{\"@type\":\"SearchAction\",\"target\":{\"@type\":\"EntryPoint\",\"urlTemplate\":\"https:\\\/\\\/cegat.com\\\/de\\\/?s={search_term_string}\"},\"query-input\":{\"@type\":\"PropertyValueSpecification\",\"valueRequired\":true,\"valueName\":\"search_term_string\"}}],\"inLanguage\":\"de\"},{\"@type\":\"Person\",\"@id\":\"https:\\\/\\\/cegat.com\\\/de\\\/#\\\/schema\\\/person\\\/fdd58c0913e0b6435e09cffa59a6504a\",\"name\":\"lschmidlin\"}]}<\/script>\n<!-- \/ Yoast SEO plugin. -->","yoast_head_json":{"title":"CeGaT feiert mehrere Meilensteine","description":"CeGaT feiert gleich zwei besondere Ereignisse: das 15-j\u00e4hrige Bestehen des Unternehmens und den Bezug seines neuen Erweiterungsbaus.","robots":{"index":"index","follow":"follow","max-snippet":"max-snippet:-1","max-image-preview":"max-image-preview:large","max-video-preview":"max-video-preview:-1"},"canonical":"https:\/\/cegat.com\/de\/cegat-feiert-mehrere-meilensteine\/","og_locale":"de_DE","og_type":"article","og_title":"CeGaT feiert mehrere Meilensteine","og_description":"CeGaT feiert gleich zwei besondere Ereignisse: das 15-j\u00e4hrige Bestehen des Unternehmens und den Bezug seines neuen Erweiterungsbaus.","og_url":"https:\/\/cegat.com\/de\/cegat-feiert-mehrere-meilensteine\/","og_site_name":"CeGaT GmbH","article_publisher":"https:\/\/www.facebook.com\/CeGaT.GmbH\/?locale=de_DE","article_published_time":"2024-04-09T14:57:43+00:00","og_image":[{"width":1500,"height":800,"url":"https:\/\/cegat.com\/wp-content\/uploads\/2024\/04\/CeGaT_KV_Presse.jpg","type":"image\/jpeg"}],"author":"lschmidlin","twitter_card":"summary_large_image","schema":{"@context":"https:\/\/schema.org","@graph":[{"@type":"Article","@id":"https:\/\/cegat.com\/de\/cegat-feiert-mehrere-meilensteine\/#article","isPartOf":{"@id":"https:\/\/cegat.com\/de\/cegat-feiert-mehrere-meilensteine\/"},"author":{"name":"lschmidlin","@id":"https:\/\/cegat.com\/de\/#\/schema\/person\/fdd58c0913e0b6435e09cffa59a6504a"},"headline":"CeGaT feiert mehrere Meilensteine","datePublished":"2024-04-09T14:57:43+00:00","mainEntityOfPage":{"@id":"https:\/\/cegat.com\/de\/cegat-feiert-mehrere-meilensteine\/"},"wordCount":1558,"image":{"@id":"https:\/\/cegat.com\/de\/cegat-feiert-mehrere-meilensteine\/#primaryimage"},"thumbnailUrl":"https:\/\/cegat.com\/wp-content\/uploads\/2024\/04\/CeGaT_KV_Presse.jpg","articleSection":["News"],"inLanguage":"de"},{"@type":"WebPage","@id":"https:\/\/cegat.com\/de\/cegat-feiert-mehrere-meilensteine\/","url":"https:\/\/cegat.com\/de\/cegat-feiert-mehrere-meilensteine\/","name":"CeGaT feiert mehrere Meilensteine","isPartOf":{"@id":"https:\/\/cegat.com\/de\/#website"},"primaryImageOfPage":{"@id":"https:\/\/cegat.com\/de\/cegat-feiert-mehrere-meilensteine\/#primaryimage"},"image":{"@id":"https:\/\/cegat.com\/de\/cegat-feiert-mehrere-meilensteine\/#primaryimage"},"thumbnailUrl":"https:\/\/cegat.com\/wp-content\/uploads\/2024\/04\/CeGaT_KV_Presse.jpg","datePublished":"2024-04-09T14:57:43+00:00","author":{"@id":"https:\/\/cegat.com\/de\/#\/schema\/person\/fdd58c0913e0b6435e09cffa59a6504a"},"description":"CeGaT feiert gleich zwei besondere Ereignisse: das 15-j\u00e4hrige Bestehen des Unternehmens und den Bezug seines neuen Erweiterungsbaus.","inLanguage":"de","potentialAction":[{"@type":"ReadAction","target":["https:\/\/cegat.com\/de\/cegat-feiert-mehrere-meilensteine\/"]}]},{"@type":"ImageObject","inLanguage":"de","@id":"https:\/\/cegat.com\/de\/cegat-feiert-mehrere-meilensteine\/#primaryimage","url":"https:\/\/cegat.com\/wp-content\/uploads\/2024\/04\/CeGaT_KV_Presse.jpg","contentUrl":"https:\/\/cegat.com\/wp-content\/uploads\/2024\/04\/CeGaT_KV_Presse.jpg","width":1500,"height":800,"caption":"Keyvisual Presse"},{"@type":"WebSite","@id":"https:\/\/cegat.com\/de\/#website","url":"https:\/\/cegat.com\/de\/","name":"CeGaT GmbH","description":"Genetic Insights You Can Trust","potentialAction":[{"@type":"SearchAction","target":{"@type":"EntryPoint","urlTemplate":"https:\/\/cegat.com\/de\/?s={search_term_string}"},"query-input":{"@type":"PropertyValueSpecification","valueRequired":true,"valueName":"search_term_string"}}],"inLanguage":"de"},{"@type":"Person","@id":"https:\/\/cegat.com\/de\/#\/schema\/person\/fdd58c0913e0b6435e09cffa59a6504a","name":"lschmidlin"}]}},"_links":{"self":[{"href":"https:\/\/cegat.com\/de\/wp-json\/wp\/v2\/posts\/68916","targetHints":{"allow":["GET"]}}],"collection":[{"href":"https:\/\/cegat.com\/de\/wp-json\/wp\/v2\/posts"}],"about":[{"href":"https:\/\/cegat.com\/de\/wp-json\/wp\/v2\/types\/post"}],"author":[{"embeddable":true,"href":"https:\/\/cegat.com\/de\/wp-json\/wp\/v2\/users\/25"}],"replies":[{"embeddable":true,"href":"https:\/\/cegat.com\/de\/wp-json\/wp\/v2\/comments?post=68916"}],"version-history":[{"count":0,"href":"https:\/\/cegat.com\/de\/wp-json\/wp\/v2\/posts\/68916\/revisions"}],"wp:featuredmedia":[{"embeddable":true,"href":"https:\/\/cegat.com\/de\/wp-json\/wp\/v2\/media\/70017"}],"wp:attachment":[{"href":"https:\/\/cegat.com\/de\/wp-json\/wp\/v2\/media?parent=68916"}],"wp:term":[{"taxonomy":"category","embeddable":true,"href":"https:\/\/cegat.com\/de\/wp-json\/wp\/v2\/categories?post=68916"},{"taxonomy":"post_tag","embeddable":true,"href":"https:\/\/cegat.com\/de\/wp-json\/wp\/v2\/tags?post=68916"}],"curies":[{"name":"wp","href":"https:\/\/api.w.org\/{rel}","templated":true}]}}