{"id":2433,"date":"2022-09-22T15:30:31","date_gmt":"2022-09-22T13:30:31","guid":{"rendered":"https:\/\/genomik-tuebingen.de\/?p=2433"},"modified":"2023-12-19T10:55:46","modified_gmt":"2023-12-19T09:55:46","slug":"richtfest-fuer-cegats-erweiterungsbau-im-technologiepark-tuebingen","status":"publish","type":"post","link":"https:\/\/cegat.com\/de\/richtfest-fuer-cegats-erweiterungsbau-im-technologiepark-tuebingen\/","title":{"rendered":"Richtfest f\u00fcr CeGaTs Erweiterungsbau im Technologiepark T\u00fcbingen"},"content":{"rendered":"<div class=\"fusion-fullwidth fullwidth-box fusion-builder-row-1 fusion-flex-container has-pattern-background has-mask-background nonhundred-percent-fullwidth non-hundred-percent-height-scrolling\" style=\"--awb-border-radius-top-left:0px;--awb-border-radius-top-right:0px;--awb-border-radius-bottom-right:0px;--awb-border-radius-bottom-left:0px;--awb-flex-wrap:wrap;\" ><div class=\"fusion-builder-row fusion-row fusion-flex-align-items-flex-start fusion-flex-content-wrap\" style=\"max-width:1248px;margin-left: calc(-4% \/ 2 );margin-right: calc(-4% \/ 2 );\"><div class=\"fusion-layout-column fusion_builder_column fusion-builder-column-0 fusion_builder_column_1_1 1_1 fusion-flex-column\" style=\"--awb-bg-size:cover;--awb-width-large:100%;--awb-margin-top-large:0px;--awb-spacing-right-large:1.92%;--awb-margin-bottom-large:0px;--awb-spacing-left-large:1.92%;--awb-width-medium:100%;--awb-order-medium:0;--awb-spacing-right-medium:1.92%;--awb-spacing-left-medium:1.92%;--awb-width-small:100%;--awb-order-small:0;--awb-spacing-right-small:1.92%;--awb-spacing-left-small:1.92%;\"><div class=\"fusion-column-wrapper fusion-column-has-shadow fusion-flex-justify-content-flex-start fusion-content-layout-column\"><div class=\"fusion-text fusion-text-1\"><p style=\"text-align: justify;\"><strong>T\u00fcbingen, 22.09.2022: CeGaT, ein weltweit agierender Anbieter von genetischen Analysen, feierte am Donnerstag, den 22.09.2022, das Richtfest f\u00fcr den Erweiterungsbau im Technologiepark T\u00fcbingen. Neben den Bauarbeitern und dem CeGaT-Team waren auch Christian Erbe, Prof. Bernd Pichler und Boris Palmer als G\u00e4ste geladen.<\/strong><\/p>\n<p style=\"text-align: justify;\">Die CeGaT-Gesch\u00e4ftsf\u00fchrer und -Gr\u00fcnder Dr. Dr. Saskia Biskup und Dr. Dirk Biskup bedankten sich im Rahmen der Feierlichkeiten bei den Handwerkern f\u00fcr ihren Einsatz, der die fristgerechte Fertigstellung des Rohbaus erm\u00f6glicht hat. Dr. Dirk Biskup erinnert sich<em>: \u201eErst im Oktober letzten Jahres haben wir mit dem offiziellen Spatenstich den Baubeginn eingel\u00e4utet. Dank des gro\u00dfartigen Engagements aller Beteiligten liegen wir so gut im Zeitplan, dass wir nach wie vor mit der Fertigstellung Ende 2023 rechnen k\u00f6nnen.\u201c<\/em><\/p>\n<p style=\"text-align: justify;\">F\u00fcr den unter hohen Nachhaltigkeitskriterien geplanten Anbau hat CeGaT 20 bis 25 Millionen Euro veranschlagt und besonderen Wert auf die Vergabe der Auftr\u00e4ge an Unternehmen aus der Region gelegt.<\/p>\n<p style=\"text-align: justify;\"><strong>Kooperation aus Wissenschaft, Wirtschaft und Medizin \u2013 ein Katalysator f\u00fcr Innovationen<\/strong><\/p>\n<p style=\"text-align: justify;\">Redebeitr\u00e4ge der geladenen G\u00e4ste leiteten den Festakt ein. Erbe-Gesch\u00e4ftsf\u00fchrer und IHK-Pr\u00e4sident Christian Erbe hob hervor: \u201e<em>Der Wirtschaftsstandort T\u00fcbingen hat in den letzten Jahren eine beeindruckende Entwicklung vollzogen, insbesondere f\u00fcr die Biotech-Branche. Er ist vom internationalen Parkett nicht mehr wegzudenken<\/em>\u201c. Auch T\u00fcbingens Oberb\u00fcrgermeister Boris Palmer \u00e4u\u00dferte seine Freude dar\u00fcber, dass CeGaTs Wachstum in den aktuellen, politisch herausfordernden Zeiten ein positives Zeichen f\u00fcr die Region setzt. \u201e<em>Vor 10 Jahren habe ich CeGaT nach dem Gewinn des Deutschen Gr\u00fcnderpreises nebenan im TTR besucht. Damals passten alle Mitarbeiterinnen und Mitarbeiter in einen Raum. Heute wird ein Geb\u00e4ude mit 12.000m\u00b2 Geschossfl\u00e4che f\u00fcr die 500 Besch\u00e4ftigten ben\u00f6tigt. Eine gro\u00dfartige Entwicklung!<\/em>\u201c Prof. Bernd Pichler, Dekan der medizinischen Fakult\u00e4t der Universit\u00e4t T\u00fcbingen, begr\u00fc\u00dfte die Kooperation zwischen Wissenschaft, Medizin und Wirtschaft in T\u00fcbingen: \u201e<em>Durch die Synergien erm\u00f6glichen wir gro\u00dfe Fortschritte in Forschung und Klinik. Von diesen medizinischen Innovationen profitieren letztendlich Patientinnen und Patienten.\u201c<\/em> Im Anschluss folgte der feierliche Richtspruch durch Frederik Dittmann von der F.K. Systembau GmbH und die Begehungen des Rohbaus.<\/p>\n<p style=\"text-align: justify;\"><strong>Fokus auf Nachhaltigkeit und gute Nachbarschaft<\/strong><\/p>\n<p style=\"text-align: justify;\">Die Architekten Maren Dannien und Matthias Roller legten bei der Planung des Geb\u00e4udes gr\u00f6\u00dften Wert auf gute Nachbarschaft und Umweltschutz. Um Ressourcen zu sparen, kamen Recyclingbeton und nachwachsende Rohstoffe zum Einsatz, wie etwa eine Holzfassadenkonstruktion. Der Energiebedarf wird ausschlie\u00dflich durch erneuerbare Energien abgedeckt, die auch durch eigene Geothermie- und Photovoltaikanlagen in der Geb\u00e4udeversorgungstechnik gewonnen werden. Die getroffenen Ma\u00dfnahmen \u00fcbertreffen die Umweltnorm KFW 40 f\u00fcr Effizienzgeb\u00e4ude und reduzieren nicht nur bei der Geb\u00e4udeherstellung, sondern auch im sp\u00e4teren Betrieb den CO2-Aussto\u00df um j\u00e4hrlich 100 Tonnen.<\/p>\n<p style=\"text-align: justify;\">Um Schallemissionen zu vermeiden, ist der Anbau wie ein Schutzschirm U-f\u00f6rmig vor den Bestand positioniert. So sind zum Beispiel die Cafeteria r\u00fcckseitig zur Sternwarte und die L\u00fcftungst\u00fcrme von der Nachbarschaft abgewandt in den Innenhof angeordnet.<\/p>\n<p style=\"text-align: justify;\"><strong>Fortschritt und Wachstum im T\u00fcbinger Technologiepark<\/strong><\/p>\n<p style=\"text-align: justify;\">CeGaT ist in den letzten Jahren stark gewachsen. Mit den neuen R\u00e4umlichkeiten hat das Unternehmen Platz f\u00fcr weiteres Wachstum und kann die weltweit steigende Nachfrage nach molekulargenetischer Diagnostik und Sequenzierung bedienen. Der an das Bestandsgeb\u00e4ude anschlie\u00dfende Neubau verdreifacht die B\u00fcro -und Laborfl\u00e4chen auf rund 12.000m<sup>2<\/sup> Geschossfl\u00e4che. <em>&#8220;Damit k\u00f6nnen wir Ende 2023 wieder alle Mitarbeiterinnen und Mitarbeiter am Standort zusammenbringen. Wir freuen uns alle darauf!&#8221;<\/em> sagt Dr. Dirk Biskup. Auf drei Stockwerken entstehen zus\u00e4tzliche Labor- und B\u00fcror\u00e4ume, um nach Fertigstellung 500 Mitarbeiterinnen und Mitarbeiter besch\u00e4ftigen zu k\u00f6nnen.<\/p>\n<\/div><\/div><\/div><\/div><\/div>\n","protected":false},"excerpt":{"rendered":"","protected":false},"author":18,"featured_media":2436,"comment_status":"closed","ping_status":"closed","sticky":false,"template":"","format":"standard","meta":{"footnotes":""},"categories":[97],"tags":[],"class_list":["post-2433","post","type-post","status-publish","format-standard","has-post-thumbnail","hentry","category-pressemitteilungen"],"yoast_head":"<!-- This site is optimized with the Yoast SEO plugin v27.4 - https:\/\/yoast.com\/product\/yoast-seo-wordpress\/ -->\n<title>Richtfest f\u00fcr CeGaTs Erweiterungsbau im Technologiepark T\u00fcbingen -<\/title>\n<meta name=\"description\" content=\"CeGaT feierte am Donnerstag, den 22.09.2022, das Richtfest f\u00fcr den Erweiterungsbau im Technologiepark T\u00fcbingen.\" \/>\n<meta name=\"robots\" content=\"index, follow, max-snippet:-1, max-image-preview:large, max-video-preview:-1\" \/>\n<link rel=\"canonical\" href=\"https:\/\/cegat.com\/de\/richtfest-fuer-cegats-erweiterungsbau-im-technologiepark-tuebingen\/\" \/>\n<meta property=\"og:locale\" content=\"de_DE\" \/>\n<meta property=\"og:type\" content=\"article\" \/>\n<meta property=\"og:title\" content=\"Richtfest f\u00fcr CeGaTs Erweiterungsbau im Technologiepark T\u00fcbingen -\" \/>\n<meta property=\"og:description\" content=\"CeGaT feierte am Donnerstag, den 22.09.2022, das Richtfest f\u00fcr den Erweiterungsbau im Technologiepark T\u00fcbingen.\" \/>\n<meta property=\"og:url\" content=\"https:\/\/cegat.com\/de\/richtfest-fuer-cegats-erweiterungsbau-im-technologiepark-tuebingen\/\" \/>\n<meta property=\"og:site_name\" content=\"CeGaT GmbH\" \/>\n<meta property=\"article:publisher\" content=\"https:\/\/www.facebook.com\/CeGaT.GmbH\/?locale=de_DE\" \/>\n<meta property=\"article:published_time\" content=\"2022-09-22T13:30:31+00:00\" \/>\n<meta property=\"article:modified_time\" content=\"2023-12-19T09:55:46+00:00\" \/>\n<meta property=\"og:image\" content=\"https:\/\/cegat.com\/wp-content\/uploads\/2022\/10\/DSCF5178_1200px.jpg\" \/>\n\t<meta property=\"og:image:width\" content=\"1200\" \/>\n\t<meta property=\"og:image:height\" content=\"630\" \/>\n\t<meta property=\"og:image:type\" content=\"image\/jpeg\" \/>\n<meta name=\"author\" content=\"Team CeGaT\" \/>\n<meta name=\"twitter:card\" content=\"summary_large_image\" \/>\n<script type=\"application\/ld+json\" class=\"yoast-schema-graph\">{\"@context\":\"https:\\\/\\\/schema.org\",\"@graph\":[{\"@type\":\"Article\",\"@id\":\"https:\\\/\\\/cegat.com\\\/de\\\/richtfest-fuer-cegats-erweiterungsbau-im-technologiepark-tuebingen\\\/#article\",\"isPartOf\":{\"@id\":\"https:\\\/\\\/cegat.com\\\/de\\\/richtfest-fuer-cegats-erweiterungsbau-im-technologiepark-tuebingen\\\/\"},\"author\":{\"name\":\"Team CeGaT\",\"@id\":\"https:\\\/\\\/cegat.com\\\/de\\\/#\\\/schema\\\/person\\\/e3657a2842bf61167c8ef2011a85a777\"},\"headline\":\"Richtfest f\u00fcr CeGaTs Erweiterungsbau im Technologiepark T\u00fcbingen\",\"datePublished\":\"2022-09-22T13:30:31+00:00\",\"dateModified\":\"2023-12-19T09:55:46+00:00\",\"mainEntityOfPage\":{\"@id\":\"https:\\\/\\\/cegat.com\\\/de\\\/richtfest-fuer-cegats-erweiterungsbau-im-technologiepark-tuebingen\\\/\"},\"wordCount\":1325,\"image\":{\"@id\":\"https:\\\/\\\/cegat.com\\\/de\\\/richtfest-fuer-cegats-erweiterungsbau-im-technologiepark-tuebingen\\\/#primaryimage\"},\"thumbnailUrl\":\"https:\\\/\\\/cegat.com\\\/wp-content\\\/uploads\\\/2022\\\/10\\\/DSCF5178_1200px.jpg\",\"articleSection\":[\"Pressemitteilungen\"],\"inLanguage\":\"de\"},{\"@type\":\"WebPage\",\"@id\":\"https:\\\/\\\/cegat.com\\\/de\\\/richtfest-fuer-cegats-erweiterungsbau-im-technologiepark-tuebingen\\\/\",\"url\":\"https:\\\/\\\/cegat.com\\\/de\\\/richtfest-fuer-cegats-erweiterungsbau-im-technologiepark-tuebingen\\\/\",\"name\":\"Richtfest f\u00fcr CeGaTs Erweiterungsbau im Technologiepark T\u00fcbingen -\",\"isPartOf\":{\"@id\":\"https:\\\/\\\/cegat.com\\\/de\\\/#website\"},\"primaryImageOfPage\":{\"@id\":\"https:\\\/\\\/cegat.com\\\/de\\\/richtfest-fuer-cegats-erweiterungsbau-im-technologiepark-tuebingen\\\/#primaryimage\"},\"image\":{\"@id\":\"https:\\\/\\\/cegat.com\\\/de\\\/richtfest-fuer-cegats-erweiterungsbau-im-technologiepark-tuebingen\\\/#primaryimage\"},\"thumbnailUrl\":\"https:\\\/\\\/cegat.com\\\/wp-content\\\/uploads\\\/2022\\\/10\\\/DSCF5178_1200px.jpg\",\"datePublished\":\"2022-09-22T13:30:31+00:00\",\"dateModified\":\"2023-12-19T09:55:46+00:00\",\"author\":{\"@id\":\"https:\\\/\\\/cegat.com\\\/de\\\/#\\\/schema\\\/person\\\/e3657a2842bf61167c8ef2011a85a777\"},\"description\":\"CeGaT feierte am Donnerstag, den 22.09.2022, das Richtfest f\u00fcr den Erweiterungsbau im Technologiepark T\u00fcbingen.\",\"inLanguage\":\"de\",\"potentialAction\":[{\"@type\":\"ReadAction\",\"target\":[\"https:\\\/\\\/cegat.com\\\/de\\\/richtfest-fuer-cegats-erweiterungsbau-im-technologiepark-tuebingen\\\/\"]}]},{\"@type\":\"ImageObject\",\"inLanguage\":\"de\",\"@id\":\"https:\\\/\\\/cegat.com\\\/de\\\/richtfest-fuer-cegats-erweiterungsbau-im-technologiepark-tuebingen\\\/#primaryimage\",\"url\":\"https:\\\/\\\/cegat.com\\\/wp-content\\\/uploads\\\/2022\\\/10\\\/DSCF5178_1200px.jpg\",\"contentUrl\":\"https:\\\/\\\/cegat.com\\\/wp-content\\\/uploads\\\/2022\\\/10\\\/DSCF5178_1200px.jpg\",\"width\":1200,\"height\":630,\"caption\":\"CeGaT Richtfest Gruppenfoto\"},{\"@type\":\"WebSite\",\"@id\":\"https:\\\/\\\/cegat.com\\\/de\\\/#website\",\"url\":\"https:\\\/\\\/cegat.com\\\/de\\\/\",\"name\":\"CeGaT GmbH\",\"description\":\"Genetic Insights You Can Trust\",\"potentialAction\":[{\"@type\":\"SearchAction\",\"target\":{\"@type\":\"EntryPoint\",\"urlTemplate\":\"https:\\\/\\\/cegat.com\\\/de\\\/?s={search_term_string}\"},\"query-input\":{\"@type\":\"PropertyValueSpecification\",\"valueRequired\":true,\"valueName\":\"search_term_string\"}}],\"inLanguage\":\"de\"},{\"@type\":\"Person\",\"@id\":\"https:\\\/\\\/cegat.com\\\/de\\\/#\\\/schema\\\/person\\\/e3657a2842bf61167c8ef2011a85a777\",\"name\":\"Team CeGaT\"}]}<\/script>\n<!-- \/ Yoast SEO plugin. -->","yoast_head_json":{"title":"Richtfest f\u00fcr CeGaTs Erweiterungsbau im Technologiepark T\u00fcbingen -","description":"CeGaT feierte am Donnerstag, den 22.09.2022, das Richtfest f\u00fcr den Erweiterungsbau im Technologiepark T\u00fcbingen.","robots":{"index":"index","follow":"follow","max-snippet":"max-snippet:-1","max-image-preview":"max-image-preview:large","max-video-preview":"max-video-preview:-1"},"canonical":"https:\/\/cegat.com\/de\/richtfest-fuer-cegats-erweiterungsbau-im-technologiepark-tuebingen\/","og_locale":"de_DE","og_type":"article","og_title":"Richtfest f\u00fcr CeGaTs Erweiterungsbau im Technologiepark T\u00fcbingen -","og_description":"CeGaT feierte am Donnerstag, den 22.09.2022, das Richtfest f\u00fcr den Erweiterungsbau im Technologiepark T\u00fcbingen.","og_url":"https:\/\/cegat.com\/de\/richtfest-fuer-cegats-erweiterungsbau-im-technologiepark-tuebingen\/","og_site_name":"CeGaT GmbH","article_publisher":"https:\/\/www.facebook.com\/CeGaT.GmbH\/?locale=de_DE","article_published_time":"2022-09-22T13:30:31+00:00","article_modified_time":"2023-12-19T09:55:46+00:00","og_image":[{"width":1200,"height":630,"url":"https:\/\/cegat.com\/wp-content\/uploads\/2022\/10\/DSCF5178_1200px.jpg","type":"image\/jpeg"}],"author":"Team CeGaT","twitter_card":"summary_large_image","schema":{"@context":"https:\/\/schema.org","@graph":[{"@type":"Article","@id":"https:\/\/cegat.com\/de\/richtfest-fuer-cegats-erweiterungsbau-im-technologiepark-tuebingen\/#article","isPartOf":{"@id":"https:\/\/cegat.com\/de\/richtfest-fuer-cegats-erweiterungsbau-im-technologiepark-tuebingen\/"},"author":{"name":"Team CeGaT","@id":"https:\/\/cegat.com\/de\/#\/schema\/person\/e3657a2842bf61167c8ef2011a85a777"},"headline":"Richtfest f\u00fcr CeGaTs Erweiterungsbau im Technologiepark T\u00fcbingen","datePublished":"2022-09-22T13:30:31+00:00","dateModified":"2023-12-19T09:55:46+00:00","mainEntityOfPage":{"@id":"https:\/\/cegat.com\/de\/richtfest-fuer-cegats-erweiterungsbau-im-technologiepark-tuebingen\/"},"wordCount":1325,"image":{"@id":"https:\/\/cegat.com\/de\/richtfest-fuer-cegats-erweiterungsbau-im-technologiepark-tuebingen\/#primaryimage"},"thumbnailUrl":"https:\/\/cegat.com\/wp-content\/uploads\/2022\/10\/DSCF5178_1200px.jpg","articleSection":["Pressemitteilungen"],"inLanguage":"de"},{"@type":"WebPage","@id":"https:\/\/cegat.com\/de\/richtfest-fuer-cegats-erweiterungsbau-im-technologiepark-tuebingen\/","url":"https:\/\/cegat.com\/de\/richtfest-fuer-cegats-erweiterungsbau-im-technologiepark-tuebingen\/","name":"Richtfest f\u00fcr CeGaTs Erweiterungsbau im Technologiepark T\u00fcbingen -","isPartOf":{"@id":"https:\/\/cegat.com\/de\/#website"},"primaryImageOfPage":{"@id":"https:\/\/cegat.com\/de\/richtfest-fuer-cegats-erweiterungsbau-im-technologiepark-tuebingen\/#primaryimage"},"image":{"@id":"https:\/\/cegat.com\/de\/richtfest-fuer-cegats-erweiterungsbau-im-technologiepark-tuebingen\/#primaryimage"},"thumbnailUrl":"https:\/\/cegat.com\/wp-content\/uploads\/2022\/10\/DSCF5178_1200px.jpg","datePublished":"2022-09-22T13:30:31+00:00","dateModified":"2023-12-19T09:55:46+00:00","author":{"@id":"https:\/\/cegat.com\/de\/#\/schema\/person\/e3657a2842bf61167c8ef2011a85a777"},"description":"CeGaT feierte am Donnerstag, den 22.09.2022, das Richtfest f\u00fcr den Erweiterungsbau im Technologiepark T\u00fcbingen.","inLanguage":"de","potentialAction":[{"@type":"ReadAction","target":["https:\/\/cegat.com\/de\/richtfest-fuer-cegats-erweiterungsbau-im-technologiepark-tuebingen\/"]}]},{"@type":"ImageObject","inLanguage":"de","@id":"https:\/\/cegat.com\/de\/richtfest-fuer-cegats-erweiterungsbau-im-technologiepark-tuebingen\/#primaryimage","url":"https:\/\/cegat.com\/wp-content\/uploads\/2022\/10\/DSCF5178_1200px.jpg","contentUrl":"https:\/\/cegat.com\/wp-content\/uploads\/2022\/10\/DSCF5178_1200px.jpg","width":1200,"height":630,"caption":"CeGaT Richtfest Gruppenfoto"},{"@type":"WebSite","@id":"https:\/\/cegat.com\/de\/#website","url":"https:\/\/cegat.com\/de\/","name":"CeGaT GmbH","description":"Genetic Insights You Can Trust","potentialAction":[{"@type":"SearchAction","target":{"@type":"EntryPoint","urlTemplate":"https:\/\/cegat.com\/de\/?s={search_term_string}"},"query-input":{"@type":"PropertyValueSpecification","valueRequired":true,"valueName":"search_term_string"}}],"inLanguage":"de"},{"@type":"Person","@id":"https:\/\/cegat.com\/de\/#\/schema\/person\/e3657a2842bf61167c8ef2011a85a777","name":"Team CeGaT"}]}},"_links":{"self":[{"href":"https:\/\/cegat.com\/de\/wp-json\/wp\/v2\/posts\/2433","targetHints":{"allow":["GET"]}}],"collection":[{"href":"https:\/\/cegat.com\/de\/wp-json\/wp\/v2\/posts"}],"about":[{"href":"https:\/\/cegat.com\/de\/wp-json\/wp\/v2\/types\/post"}],"author":[{"embeddable":true,"href":"https:\/\/cegat.com\/de\/wp-json\/wp\/v2\/users\/18"}],"replies":[{"embeddable":true,"href":"https:\/\/cegat.com\/de\/wp-json\/wp\/v2\/comments?post=2433"}],"version-history":[{"count":0,"href":"https:\/\/cegat.com\/de\/wp-json\/wp\/v2\/posts\/2433\/revisions"}],"wp:featuredmedia":[{"embeddable":true,"href":"https:\/\/cegat.com\/de\/wp-json\/wp\/v2\/media\/2436"}],"wp:attachment":[{"href":"https:\/\/cegat.com\/de\/wp-json\/wp\/v2\/media?parent=2433"}],"wp:term":[{"taxonomy":"category","embeddable":true,"href":"https:\/\/cegat.com\/de\/wp-json\/wp\/v2\/categories?post=2433"},{"taxonomy":"post_tag","embeddable":true,"href":"https:\/\/cegat.com\/de\/wp-json\/wp\/v2\/tags?post=2433"}],"curies":[{"name":"wp","href":"https:\/\/api.w.org\/{rel}","templated":true}]}}