{"id":15632,"date":"2021-10-26T13:14:03","date_gmt":"2021-10-26T11:14:03","guid":{"rendered":"https:\/\/genomik-tuebingen.de\/?p=15632"},"modified":"2023-12-19T10:55:47","modified_gmt":"2023-12-19T09:55:47","slug":"cegat-setzt-spatenstich-fuer-modernen-erweiterungsbau-im-technologiepark-tuebingen","status":"publish","type":"post","link":"https:\/\/cegat.com\/de\/cegat-setzt-spatenstich-fuer-modernen-erweiterungsbau-im-technologiepark-tuebingen\/","title":{"rendered":"CeGaT setzt Spatenstich f\u00fcr modernen Erweiterungsbau im Technologiepark T\u00fcbingen"},"content":{"rendered":"<div class=\"fusion-fullwidth fullwidth-box fusion-builder-row-1 fusion-flex-container has-pattern-background has-mask-background nonhundred-percent-fullwidth non-hundred-percent-height-scrolling\" style=\"--awb-border-radius-top-left:0px;--awb-border-radius-top-right:0px;--awb-border-radius-bottom-right:0px;--awb-border-radius-bottom-left:0px;--awb-flex-wrap:wrap;\" ><div class=\"fusion-builder-row fusion-row fusion-flex-align-items-flex-start fusion-flex-content-wrap\" style=\"max-width:1248px;margin-left: calc(-4% \/ 2 );margin-right: calc(-4% \/ 2 );\"><div class=\"fusion-layout-column fusion_builder_column fusion-builder-column-0 fusion_builder_column_1_1 1_1 fusion-flex-column\" style=\"--awb-bg-size:cover;--awb-width-large:100%;--awb-margin-top-large:0px;--awb-spacing-right-large:1.92%;--awb-margin-bottom-large:20px;--awb-spacing-left-large:1.92%;--awb-width-medium:100%;--awb-order-medium:0;--awb-spacing-right-medium:1.92%;--awb-spacing-left-medium:1.92%;--awb-width-small:100%;--awb-order-small:0;--awb-spacing-right-small:1.92%;--awb-spacing-left-small:1.92%;\"><div class=\"fusion-column-wrapper fusion-column-has-shadow fusion-flex-justify-content-flex-start fusion-content-layout-column\"><div class=\"fusion-text fusion-text-1\"><p style=\"text-align: justify;\"><strong>T\u00fcbingen, 26.10.2021: CeGaT, ein weltweit agierender Anbieter genetischer Analysen, beginnt nach zweij\u00e4hriger Planungszeit mit den Bauarbeiten f\u00fcr einen gro\u00dfen Erweiterungsbau. Das neue Geb\u00e4ude verdreifacht die B\u00fcround Laborfl\u00e4chen auf 12.000m2 Geschossfl\u00e4che und tr\u00e4gt damit dem Platzbedarf des stark gewachsenen Unternehmens Rechnung.<\/strong><\/p>\n<p style=\"text-align: justify;\">Beim gemeinsamen Spatenstich mit CeGaTs Gesch\u00e4ftsf\u00fchrern Dr. Dirk Biskup und Dr. Dr. Saskia Biskup, T\u00fcbingens Oberb\u00fcrgermeister Boris Palmer und den Architekten Maren Dannien und Matthias Roller wurde die erste Bauphase f\u00fcr das neue Labor- und B\u00fcrogeb\u00e4ude eingel\u00e4utet. Der Neubau, der Ende 2023 fertig sein soll, schlie\u00dft unmittelbar an das Bestandsgeb\u00e4ude in der Paul-Ehrlich-Stra\u00dfe 23 an. Auf drei Stockwerken entstehen weitere Labor- und B\u00fcror\u00e4ume, um nach Fertigstellung 400 bis 500 Mitarbeiterinnen und Mitarbeiter besch\u00e4ftigen zu k\u00f6nnen. CeGaT rechnet mit einer Investition von 20 bis 25 Millionen Euro in den Firmensitz im Technologiepark T\u00fcbingen.<\/p>\n<p style=\"text-align: justify;\"><strong>Schnelles Wachstum in aufstrebender Branche<\/strong><\/p>\n<p style=\"text-align: justify;\">Dr. Dirk Biskup, Gesch\u00e4ftsf\u00fchrer und Mitgr\u00fcnder von CeGaT, freut sich \u00fcber den Spatenstich: \u201eDer Baubeginn ist ein wichtiger neuer Abschnitt f\u00fcr CeGaT. Als wir 2014 unser Firmengeb\u00e4ude bezogen haben, konnten wir B\u00fcrofl\u00e4che vermieten und sind davon ausgegangen, dass uns der Platz lange reichen wird. Allerdings ist CeGaT in den letzten sechs Jahren so stark gewachsen, dass wir uns mit nunmehr \u00fcber 300 Mitarbeitenden nach neuen B\u00fcro- und Laborfl\u00e4chen umsehen mussten. Mit zus\u00e4tzlich angemieteten R\u00e4umen in der Eisenbahn- und der Mohlstra\u00dfe haben wir eine gute \u00dcbergangsl\u00f6sung gefunden. Wir freuen uns aber auf den Zeitpunkt, wenn das ganze Team wieder in der Paul-Ehrlich-Stra\u00dfe vereint sein kann. Mit den neuen R\u00e4umlichkeiten haben wir Platz f\u00fcr weiteres Wachstum und k\u00f6nnen die weltweit steigende Nachfrage nach molekulargenetischer Diagnostik und Sequenzierung bedienen.\u201c<\/p>\n<p style=\"text-align: justify;\">Dr. Dr. Saskia Biskup erg\u00e4nzt: \u201eDabei ist der Standort in T\u00fcbingen f\u00fcr uns zentral, hier gibt es inzwischen eine herausragende Vielfalt an weltweit f\u00fchrenden K\u00f6pfen im Bereich der Pr\u00e4zisionsdiagnostik und Therapie in Klinik, Forschung und Unternehmen. Unsere Patientinnen und Patienten, die aus der ganzen Welt kommen, lieben T\u00fcbingen. Dieser Standortvorteil ist zudem eine gro\u00dfe Chance f\u00fcr interdisziplin\u00e4re Zusammenarbeit. Es wird uns langfristig im internationalen Wettbewerb zugutekommen und Arbeitspl\u00e4tze in der Region sichern.\u201c<\/p>\n<p style=\"text-align: justify;\"><strong>St\u00e4rkung des T\u00fcbinger \u201eCyber Valley&#8221;<\/strong><\/p>\n<p style=\"text-align: justify;\">Auch T\u00fcbingens Oberb\u00fcrgermeister Boris Palmer sieht das Bauvorhaben positiv: \u201eMit dem Erweiterungsbau wird die Bedeutung des Forschungs- und Technologieparks in T\u00fcbingen gest\u00e4rkt. CeGaT als weltweit erfolgreiches Unternehmen ist ein starkes Aush\u00e4ngeschild f\u00fcr den Biotechnologie-Standort T\u00fcbingen und ein wichtiger Partner und Arbeitgeber in der Region. Die baulichen Weichen f\u00fcr den weiteren Erfolg der Firma werden mit dem Neubau gestellt, wovon nat\u00fcrlich auch die Stadt als Innovationsstandort und ganz direkt mit 100 bis 200 weiteren Arbeitspl\u00e4tzen profitiert.\u201c<\/p>\n<p style=\"text-align: justify;\"><strong>Nachhaltigkeit als zentrales Kriterium in der Bauplanung <\/strong><\/p>\n<p style=\"text-align: justify;\">Maren Dannien blickt zur\u00fcck: \u201eDie Planung des Anbaus war eine spannende Aufgabe, denn ein Diagnostik- und Forschungsgeb\u00e4ude mit eigenen Laboren und Servern bringt spezielle Anforderungen mit sich. Auch die Nachhaltigkeit des Geb\u00e4udes war ein zentraler Aspekt, weshalb wir zum Beispiel die Verwendung von Recyclingbeton, den Einsatz von nachwachsenden Rohstoffen wie der Holzfassadenkonstruktion und Geothermie- und Photovoltaikanlagen in der Geb\u00e4udeversorgungstechnik vorgesehen haben. So k\u00f6nnen wir 92 Prozent des Energiebedarfs durch erneuerbare Energien abdecken. Die getroffenen Ma\u00dfnahmen \u00fcbertreffen die Umweltnorm KFW 55 und reduzieren nicht nur bei der Geb\u00e4udeherstellung, sondern auch im sp\u00e4teren Betrieb nachhaltig den CO2- Aussto\u00df.<\/p>\n<p style=\"text-align: justify;\">Auch auf die Nachbarn haben wir bei der Planung R\u00fccksicht genommen. Um Schallemissionen zu vermeiden, wurde der Anbau wie ein Schutzschirm U-f\u00f6rmig vor den Bestand positioniert. So sind zum Beispiel die Cafeteria r\u00fcckseitig zur Sternwarte und die L\u00fcftungst\u00fcrme von der Nachbarschaft abgewandt in den Innenhof angeordnet.<\/p>\n<p style=\"text-align: justify;\">Und nat\u00fcrlich durfte die Gestaltung des Geb\u00e4udes nicht zu kurz kommen: Das Team freut sich auf eine hohe Aufenthaltsqualit\u00e4t mit hellen offenen R\u00e4umen, in denen es gerne Zeit verbringt. Dazu laden das begr\u00fcnte Atrium mit Wasserspiel, die Cafeteria mit einer Holzterrasse zum zuk\u00fcnftigen Planetenpark und die gro\u00dfz\u00fcgige Dachterrasse mit Pergola und herrlichem Blick auf T\u00fcbingen ein.\u201c<\/p>\n<p style=\"text-align: justify;\"><strong>\u00dcber CeGaT <\/strong><\/p>\n<p style=\"text-align: justify;\">CeGaT GmbH ist ein weltweit agierender Anbieter von genetischen Analysen f\u00fcr verschiedenste Fragestellungen aus der medizinischen Praxis, Forschung und Pharmabranche. Das 2009 in T\u00fcbingen gegr\u00fcndete Unternehmen kombiniert neueste Sequenziertechnologie und die eigene langj\u00e4hrige medizinische Expertise mit dem Ziel, genetische Ursachen von Krankheiten zu identifizieren und die Patientenbetreuung zu unterst\u00fctzen. F\u00fcr Forschung und Pharmaindustrie bietet CeGaT ein breites Portfolio an Sequenzierdienstleistungen und Tumoranalysen an. CeGaT generiert die Datenbasis f\u00fcr klinische Studien und medizinische Innovationen und treibt die Wissenschaft mit eigenen Erkenntnissen voran. Das inhabergef\u00fchrte Unternehmen steht f\u00fcr Unabh\u00e4ngigkeit, eine umfassende pers\u00f6nliche Kundenbetreuung und herausragende Qualit\u00e4t. CeGaTs Labor ist nach CAP\/CLIA und DIN ENISO 15189 akkreditiert und erf\u00fcllt damit h\u00f6chste internationale Standards. Um erstklassige Ergebnisse zu erhalten, werden alle Prozesse unter wissenschaftlicher Aufsicht im eigenen Haus durchgef\u00fchrt.<\/p>\n<\/div><div class=\"df-element dvcss dvcss_e_eyJzb3VyY2UiOiJcL3dwLWNvbnRlbnRcL3VwbG9hZHNcLzIwMjNcLzAzXC9QcmVzc2VtZWxkdW5nX0NlR2FUX1NwYXRlbnN0aWNoX0Vyd2VpdGVydW5nc2JhdV8yNl8xMF8yMS5wZGYiLCJwZGZUaHVtYiI6Ilwvd3AtY29udGVudFwvdXBsb2Fkc1wvZGVhcnBkZi10aHVtYnNcLzE1NjE1LmpwZWciLCJhdXRvT3Blbk91dGxpbmUiOmZhbHNlLCJhdXRvT3BlblRodW1ibmFpbCI6ZmFsc2UsInNsdWciOiIxNTYxNSIsImlkIjoxNTYxNSwibGlnaHRib3giOiJ0aHVtYiJ9  \">Pressemitteilung CeGaT setzt Spatenstich f\u00fcr Erweiterungsbau<\/div><script class=\"df-shortcode-script\" type=\"application\/javascript\">if(window.DEARPDF && window.DEARPDF.parseElements){window.DEARPDF.parseElements();}<\/script><\/div><\/div><\/div><\/div>\n","protected":false},"excerpt":{"rendered":"","protected":false},"author":18,"featured_media":34282,"comment_status":"closed","ping_status":"closed","sticky":false,"template":"","format":"standard","meta":{"footnotes":""},"categories":[97],"tags":[],"class_list":["post-15632","post","type-post","status-publish","format-standard","has-post-thumbnail","hentry","category-pressemitteilungen"],"yoast_head":"<!-- This site is optimized with the Yoast SEO plugin v27.4 - https:\/\/yoast.com\/product\/yoast-seo-wordpress\/ -->\n<title>CeGaT setzt Spatenstich f\u00fcr modernen Erweiterungsbau im Technologiepark T\u00fcbingen<\/title>\n<meta name=\"description\" content=\"CeGaT beginnt nach zweij\u00e4hriger Planungszeit mit den Bauarbeiten f\u00fcr einen gro\u00dfen Erweiterungsbau.\" \/>\n<meta name=\"robots\" content=\"index, follow, max-snippet:-1, max-image-preview:large, max-video-preview:-1\" \/>\n<link rel=\"canonical\" href=\"https:\/\/cegat.com\/de\/cegat-setzt-spatenstich-fuer-modernen-erweiterungsbau-im-technologiepark-tuebingen\/\" \/>\n<meta property=\"og:locale\" content=\"de_DE\" \/>\n<meta property=\"og:type\" content=\"article\" \/>\n<meta property=\"og:title\" content=\"CeGaT setzt Spatenstich f\u00fcr modernen Erweiterungsbau im Technologiepark T\u00fcbingen\" \/>\n<meta property=\"og:description\" content=\"CeGaT beginnt nach zweij\u00e4hriger Planungszeit mit den Bauarbeiten f\u00fcr einen gro\u00dfen Erweiterungsbau.\" \/>\n<meta property=\"og:url\" content=\"https:\/\/cegat.com\/de\/cegat-setzt-spatenstich-fuer-modernen-erweiterungsbau-im-technologiepark-tuebingen\/\" \/>\n<meta property=\"og:site_name\" content=\"CeGaT GmbH\" \/>\n<meta property=\"article:publisher\" content=\"https:\/\/www.facebook.com\/CeGaT.GmbH\/?locale=de_DE\" \/>\n<meta property=\"article:published_time\" content=\"2021-10-26T11:14:03+00:00\" \/>\n<meta property=\"article:modified_time\" content=\"2023-12-19T09:55:47+00:00\" \/>\n<meta property=\"og:image\" content=\"https:\/\/cegat.com\/wp-content\/uploads\/2023\/03\/CeGaT_Spatenstich-e1680179574986.jpg\" \/>\n\t<meta property=\"og:image:width\" content=\"1500\" \/>\n\t<meta property=\"og:image:height\" content=\"798\" \/>\n\t<meta property=\"og:image:type\" content=\"image\/jpeg\" \/>\n<meta name=\"author\" content=\"Team CeGaT\" \/>\n<meta name=\"twitter:card\" content=\"summary_large_image\" \/>\n<script type=\"application\/ld+json\" class=\"yoast-schema-graph\">{\"@context\":\"https:\\\/\\\/schema.org\",\"@graph\":[{\"@type\":\"Article\",\"@id\":\"https:\\\/\\\/cegat.com\\\/de\\\/cegat-setzt-spatenstich-fuer-modernen-erweiterungsbau-im-technologiepark-tuebingen\\\/#article\",\"isPartOf\":{\"@id\":\"https:\\\/\\\/cegat.com\\\/de\\\/cegat-setzt-spatenstich-fuer-modernen-erweiterungsbau-im-technologiepark-tuebingen\\\/\"},\"author\":{\"name\":\"Team CeGaT\",\"@id\":\"https:\\\/\\\/cegat.com\\\/de\\\/#\\\/schema\\\/person\\\/e3657a2842bf61167c8ef2011a85a777\"},\"headline\":\"CeGaT setzt Spatenstich f\u00fcr modernen Erweiterungsbau im Technologiepark T\u00fcbingen\",\"datePublished\":\"2021-10-26T11:14:03+00:00\",\"dateModified\":\"2023-12-19T09:55:47+00:00\",\"mainEntityOfPage\":{\"@id\":\"https:\\\/\\\/cegat.com\\\/de\\\/cegat-setzt-spatenstich-fuer-modernen-erweiterungsbau-im-technologiepark-tuebingen\\\/\"},\"wordCount\":1661,\"image\":{\"@id\":\"https:\\\/\\\/cegat.com\\\/de\\\/cegat-setzt-spatenstich-fuer-modernen-erweiterungsbau-im-technologiepark-tuebingen\\\/#primaryimage\"},\"thumbnailUrl\":\"https:\\\/\\\/cegat.com\\\/wp-content\\\/uploads\\\/2023\\\/03\\\/CeGaT_Spatenstich-e1680179574986.jpg\",\"articleSection\":[\"Pressemitteilungen\"],\"inLanguage\":\"de\"},{\"@type\":\"WebPage\",\"@id\":\"https:\\\/\\\/cegat.com\\\/de\\\/cegat-setzt-spatenstich-fuer-modernen-erweiterungsbau-im-technologiepark-tuebingen\\\/\",\"url\":\"https:\\\/\\\/cegat.com\\\/de\\\/cegat-setzt-spatenstich-fuer-modernen-erweiterungsbau-im-technologiepark-tuebingen\\\/\",\"name\":\"CeGaT setzt Spatenstich f\u00fcr modernen Erweiterungsbau im Technologiepark T\u00fcbingen\",\"isPartOf\":{\"@id\":\"https:\\\/\\\/cegat.com\\\/de\\\/#website\"},\"primaryImageOfPage\":{\"@id\":\"https:\\\/\\\/cegat.com\\\/de\\\/cegat-setzt-spatenstich-fuer-modernen-erweiterungsbau-im-technologiepark-tuebingen\\\/#primaryimage\"},\"image\":{\"@id\":\"https:\\\/\\\/cegat.com\\\/de\\\/cegat-setzt-spatenstich-fuer-modernen-erweiterungsbau-im-technologiepark-tuebingen\\\/#primaryimage\"},\"thumbnailUrl\":\"https:\\\/\\\/cegat.com\\\/wp-content\\\/uploads\\\/2023\\\/03\\\/CeGaT_Spatenstich-e1680179574986.jpg\",\"datePublished\":\"2021-10-26T11:14:03+00:00\",\"dateModified\":\"2023-12-19T09:55:47+00:00\",\"author\":{\"@id\":\"https:\\\/\\\/cegat.com\\\/de\\\/#\\\/schema\\\/person\\\/e3657a2842bf61167c8ef2011a85a777\"},\"description\":\"CeGaT beginnt nach zweij\u00e4hriger Planungszeit mit den Bauarbeiten f\u00fcr einen gro\u00dfen Erweiterungsbau.\",\"inLanguage\":\"de\",\"potentialAction\":[{\"@type\":\"ReadAction\",\"target\":[\"https:\\\/\\\/cegat.com\\\/de\\\/cegat-setzt-spatenstich-fuer-modernen-erweiterungsbau-im-technologiepark-tuebingen\\\/\"]}]},{\"@type\":\"ImageObject\",\"inLanguage\":\"de\",\"@id\":\"https:\\\/\\\/cegat.com\\\/de\\\/cegat-setzt-spatenstich-fuer-modernen-erweiterungsbau-im-technologiepark-tuebingen\\\/#primaryimage\",\"url\":\"https:\\\/\\\/cegat.com\\\/wp-content\\\/uploads\\\/2023\\\/03\\\/CeGaT_Spatenstich-e1680179574986.jpg\",\"contentUrl\":\"https:\\\/\\\/cegat.com\\\/wp-content\\\/uploads\\\/2023\\\/03\\\/CeGaT_Spatenstich-e1680179574986.jpg\",\"width\":1500,\"height\":798,\"caption\":\"Keyvisual Pressemitteilung CeGaT setzt Spatenstich f\u00fcr modernen Erweiterungsbau im Technologiepark T\u00fcbingen\"},{\"@type\":\"WebSite\",\"@id\":\"https:\\\/\\\/cegat.com\\\/de\\\/#website\",\"url\":\"https:\\\/\\\/cegat.com\\\/de\\\/\",\"name\":\"CeGaT GmbH\",\"description\":\"Genetic Insights You Can Trust\",\"potentialAction\":[{\"@type\":\"SearchAction\",\"target\":{\"@type\":\"EntryPoint\",\"urlTemplate\":\"https:\\\/\\\/cegat.com\\\/de\\\/?s={search_term_string}\"},\"query-input\":{\"@type\":\"PropertyValueSpecification\",\"valueRequired\":true,\"valueName\":\"search_term_string\"}}],\"inLanguage\":\"de\"},{\"@type\":\"Person\",\"@id\":\"https:\\\/\\\/cegat.com\\\/de\\\/#\\\/schema\\\/person\\\/e3657a2842bf61167c8ef2011a85a777\",\"name\":\"Team CeGaT\"}]}<\/script>\n<!-- \/ Yoast SEO plugin. -->","yoast_head_json":{"title":"CeGaT setzt Spatenstich f\u00fcr modernen Erweiterungsbau im Technologiepark T\u00fcbingen","description":"CeGaT beginnt nach zweij\u00e4hriger Planungszeit mit den Bauarbeiten f\u00fcr einen gro\u00dfen Erweiterungsbau.","robots":{"index":"index","follow":"follow","max-snippet":"max-snippet:-1","max-image-preview":"max-image-preview:large","max-video-preview":"max-video-preview:-1"},"canonical":"https:\/\/cegat.com\/de\/cegat-setzt-spatenstich-fuer-modernen-erweiterungsbau-im-technologiepark-tuebingen\/","og_locale":"de_DE","og_type":"article","og_title":"CeGaT setzt Spatenstich f\u00fcr modernen Erweiterungsbau im Technologiepark T\u00fcbingen","og_description":"CeGaT beginnt nach zweij\u00e4hriger Planungszeit mit den Bauarbeiten f\u00fcr einen gro\u00dfen Erweiterungsbau.","og_url":"https:\/\/cegat.com\/de\/cegat-setzt-spatenstich-fuer-modernen-erweiterungsbau-im-technologiepark-tuebingen\/","og_site_name":"CeGaT GmbH","article_publisher":"https:\/\/www.facebook.com\/CeGaT.GmbH\/?locale=de_DE","article_published_time":"2021-10-26T11:14:03+00:00","article_modified_time":"2023-12-19T09:55:47+00:00","og_image":[{"width":1500,"height":798,"url":"https:\/\/cegat.com\/wp-content\/uploads\/2023\/03\/CeGaT_Spatenstich-e1680179574986.jpg","type":"image\/jpeg"}],"author":"Team CeGaT","twitter_card":"summary_large_image","schema":{"@context":"https:\/\/schema.org","@graph":[{"@type":"Article","@id":"https:\/\/cegat.com\/de\/cegat-setzt-spatenstich-fuer-modernen-erweiterungsbau-im-technologiepark-tuebingen\/#article","isPartOf":{"@id":"https:\/\/cegat.com\/de\/cegat-setzt-spatenstich-fuer-modernen-erweiterungsbau-im-technologiepark-tuebingen\/"},"author":{"name":"Team CeGaT","@id":"https:\/\/cegat.com\/de\/#\/schema\/person\/e3657a2842bf61167c8ef2011a85a777"},"headline":"CeGaT setzt Spatenstich f\u00fcr modernen Erweiterungsbau im Technologiepark T\u00fcbingen","datePublished":"2021-10-26T11:14:03+00:00","dateModified":"2023-12-19T09:55:47+00:00","mainEntityOfPage":{"@id":"https:\/\/cegat.com\/de\/cegat-setzt-spatenstich-fuer-modernen-erweiterungsbau-im-technologiepark-tuebingen\/"},"wordCount":1661,"image":{"@id":"https:\/\/cegat.com\/de\/cegat-setzt-spatenstich-fuer-modernen-erweiterungsbau-im-technologiepark-tuebingen\/#primaryimage"},"thumbnailUrl":"https:\/\/cegat.com\/wp-content\/uploads\/2023\/03\/CeGaT_Spatenstich-e1680179574986.jpg","articleSection":["Pressemitteilungen"],"inLanguage":"de"},{"@type":"WebPage","@id":"https:\/\/cegat.com\/de\/cegat-setzt-spatenstich-fuer-modernen-erweiterungsbau-im-technologiepark-tuebingen\/","url":"https:\/\/cegat.com\/de\/cegat-setzt-spatenstich-fuer-modernen-erweiterungsbau-im-technologiepark-tuebingen\/","name":"CeGaT setzt Spatenstich f\u00fcr modernen Erweiterungsbau im Technologiepark T\u00fcbingen","isPartOf":{"@id":"https:\/\/cegat.com\/de\/#website"},"primaryImageOfPage":{"@id":"https:\/\/cegat.com\/de\/cegat-setzt-spatenstich-fuer-modernen-erweiterungsbau-im-technologiepark-tuebingen\/#primaryimage"},"image":{"@id":"https:\/\/cegat.com\/de\/cegat-setzt-spatenstich-fuer-modernen-erweiterungsbau-im-technologiepark-tuebingen\/#primaryimage"},"thumbnailUrl":"https:\/\/cegat.com\/wp-content\/uploads\/2023\/03\/CeGaT_Spatenstich-e1680179574986.jpg","datePublished":"2021-10-26T11:14:03+00:00","dateModified":"2023-12-19T09:55:47+00:00","author":{"@id":"https:\/\/cegat.com\/de\/#\/schema\/person\/e3657a2842bf61167c8ef2011a85a777"},"description":"CeGaT beginnt nach zweij\u00e4hriger Planungszeit mit den Bauarbeiten f\u00fcr einen gro\u00dfen Erweiterungsbau.","inLanguage":"de","potentialAction":[{"@type":"ReadAction","target":["https:\/\/cegat.com\/de\/cegat-setzt-spatenstich-fuer-modernen-erweiterungsbau-im-technologiepark-tuebingen\/"]}]},{"@type":"ImageObject","inLanguage":"de","@id":"https:\/\/cegat.com\/de\/cegat-setzt-spatenstich-fuer-modernen-erweiterungsbau-im-technologiepark-tuebingen\/#primaryimage","url":"https:\/\/cegat.com\/wp-content\/uploads\/2023\/03\/CeGaT_Spatenstich-e1680179574986.jpg","contentUrl":"https:\/\/cegat.com\/wp-content\/uploads\/2023\/03\/CeGaT_Spatenstich-e1680179574986.jpg","width":1500,"height":798,"caption":"Keyvisual Pressemitteilung CeGaT setzt Spatenstich f\u00fcr modernen Erweiterungsbau im Technologiepark T\u00fcbingen"},{"@type":"WebSite","@id":"https:\/\/cegat.com\/de\/#website","url":"https:\/\/cegat.com\/de\/","name":"CeGaT GmbH","description":"Genetic Insights You Can Trust","potentialAction":[{"@type":"SearchAction","target":{"@type":"EntryPoint","urlTemplate":"https:\/\/cegat.com\/de\/?s={search_term_string}"},"query-input":{"@type":"PropertyValueSpecification","valueRequired":true,"valueName":"search_term_string"}}],"inLanguage":"de"},{"@type":"Person","@id":"https:\/\/cegat.com\/de\/#\/schema\/person\/e3657a2842bf61167c8ef2011a85a777","name":"Team CeGaT"}]}},"_links":{"self":[{"href":"https:\/\/cegat.com\/de\/wp-json\/wp\/v2\/posts\/15632","targetHints":{"allow":["GET"]}}],"collection":[{"href":"https:\/\/cegat.com\/de\/wp-json\/wp\/v2\/posts"}],"about":[{"href":"https:\/\/cegat.com\/de\/wp-json\/wp\/v2\/types\/post"}],"author":[{"embeddable":true,"href":"https:\/\/cegat.com\/de\/wp-json\/wp\/v2\/users\/18"}],"replies":[{"embeddable":true,"href":"https:\/\/cegat.com\/de\/wp-json\/wp\/v2\/comments?post=15632"}],"version-history":[{"count":0,"href":"https:\/\/cegat.com\/de\/wp-json\/wp\/v2\/posts\/15632\/revisions"}],"wp:featuredmedia":[{"embeddable":true,"href":"https:\/\/cegat.com\/de\/wp-json\/wp\/v2\/media\/34282"}],"wp:attachment":[{"href":"https:\/\/cegat.com\/de\/wp-json\/wp\/v2\/media?parent=15632"}],"wp:term":[{"taxonomy":"category","embeddable":true,"href":"https:\/\/cegat.com\/de\/wp-json\/wp\/v2\/categories?post=15632"},{"taxonomy":"post_tag","embeddable":true,"href":"https:\/\/cegat.com\/de\/wp-json\/wp\/v2\/tags?post=15632"}],"curies":[{"name":"wp","href":"https:\/\/api.w.org\/{rel}","templated":true}]}}